{"id":21,"date":"2012-11-04T19:05:00","date_gmt":"2012-11-04T18:05:00","guid":{"rendered":"http:\/\/www.dev.quandmaime.org\/index.php\/2012\/11\/04\/nos-enfants-de-fahitana\/"},"modified":"2019-01-01T23:45:13","modified_gmt":"2019-01-01T22:45:13","slug":"nos-enfants-de-fahitana","status":"publish","type":"post","link":"https:\/\/www.dev.quandmaime.org\/index.php\/2012\/11\/04\/nos-enfants-de-fahitana\/","title":{"rendered":"Nos enfants de Fahitana"},"content":{"rendered":"<p><b>Quelques portraits d&rsquo;enfants de Fahitana&#8230;<\/b><\/p>\n<div style=\"clear: both; text-align: center;\"><a href=\"http:\/\/www.dev.quandmaime.org\/wp-content\/uploads\/2012\/11\/Aim-25C3-25A9.jpg\" style=\"margin-left: 1em; margin-right: 1em;\"><img loading=\"lazy\" border=\"0\" height=\"400\" src=\"http:\/\/www.dev.quandmaime.org\/wp-content\/uploads\/2012\/11\/Aim-25C3-25A9.jpg\" width=\"267\" \/><\/a><\/div>\n<div style=\"clear: both; text-align: center;\">Aim\u00e9 adore les sucettes, il est en CM2, c&rsquo;est un gourmand qui aime chahuter les filles !<\/div>\n<div style=\"clear: both; text-align: center;\"><a href=\"http:\/\/www.dev.quandmaime.org\/wp-content\/uploads\/2012\/11\/Batoto.jpg\" style=\"margin-left: 1em; margin-right: 1em;\"><img loading=\"lazy\" border=\"0\" height=\"640\" src=\"http:\/\/www.dev.quandmaime.org\/wp-content\/uploads\/2012\/11\/Batoto.jpg\" width=\"361\" \/><\/a><\/div>\n<div style=\"clear: both; text-align: center;\">Batoto travaille dans une entreprise chinoise en zone franche&#8230; notre grand dadet ne veut pas quitter le foyer<\/div>\n<p><\/p>\n<div style=\"clear: both; text-align: center;\"><a href=\"http:\/\/www.dev.quandmaime.org\/wp-content\/uploads\/2012\/11\/Bled.jpg\" style=\"margin-left: 1em; margin-right: 1em;\"><img loading=\"lazy\" border=\"0\" height=\"214\" src=\"http:\/\/www.dev.quandmaime.org\/wp-content\/uploads\/2012\/11\/Bled.jpg\" width=\"320\" \/><\/a><\/div>\n<div style=\"clear: both; text-align: center;\">Bled, notre petite charmeuse, est en 6e, comme le temps passe vite !<\/div>\n<p><\/p>\n<div style=\"clear: both; text-align: center;\"><a href=\"http:\/\/www.dev.quandmaime.org\/wp-content\/uploads\/2012\/11\/Bolo.jpg\" style=\"margin-left: 1em; margin-right: 1em;\"><img loading=\"lazy\" border=\"0\" height=\"400\" src=\"http:\/\/www.dev.quandmaime.org\/wp-content\/uploads\/2012\/11\/Bolo.jpg\" width=\"267\" \/><\/a><\/div>\n<div style=\"clear: both; text-align: center;\">Bolo travaille dans un garage, un sacr\u00e9 m\u00e9cano, heureusement qu&rsquo;il est l\u00e0 pour r\u00e9parer r\u00e9guli\u00e8rement la camionette de l&rsquo;association<\/div>\n<p><\/p>\n<div style=\"clear: both; text-align: center;\"><a href=\"http:\/\/www.dev.quandmaime.org\/wp-content\/uploads\/2012\/11\/Claudia-Bled.jpg\" style=\"margin-left: 1em; margin-right: 1em;\"><img loading=\"lazy\" border=\"0\" height=\"214\" src=\"http:\/\/www.dev.quandmaime.org\/wp-content\/uploads\/2012\/11\/Claudia-Bled.jpg\" width=\"320\" \/><\/a><\/div>\n<div style=\"clear: both; text-align: center;\">Claudia et Bled les copines ins\u00e9parables<\/div>\n<p><\/p>\n<div style=\"clear: both; text-align: center;\"><a href=\"http:\/\/www.dev.quandmaime.org\/wp-content\/uploads\/2012\/11\/Claudia.jpg\" style=\"margin-left: 1em; margin-right: 1em;\"><img loading=\"lazy\" border=\"0\" height=\"320\" src=\"http:\/\/www.dev.quandmaime.org\/wp-content\/uploads\/2012\/11\/Claudia.jpg\" width=\"214\" \/><\/a><\/div>\n<div style=\"clear: both; text-align: center;\">Claudia, jolie sportive, triple son CM1 (elle pr\u00e9f\u00e8re le sport \u00e0 l&rsquo;\u00e9cole !)<\/div>\n<p><\/p>\n<div style=\"clear: both; text-align: center;\"><a href=\"http:\/\/www.dev.quandmaime.org\/wp-content\/uploads\/2012\/11\/Claudine-2-.jpg\" style=\"margin-left: 1em; margin-right: 1em;\"><img loading=\"lazy\" border=\"0\" height=\"214\" src=\"http:\/\/www.dev.quandmaime.org\/wp-content\/uploads\/2012\/11\/Claudine-2-.jpg\" width=\"320\" \/><\/a><\/div>\n<div style=\"clear: both; text-align: center;\">Claudine la soeur de Claudia est tout aussi jolie<\/div>\n<p><\/p>\n<div style=\"clear: both; text-align: center;\"><a href=\"http:\/\/www.dev.quandmaime.org\/wp-content\/uploads\/2012\/11\/Claudine.jpg\" style=\"margin-left: 1em; margin-right: 1em;\"><img loading=\"lazy\" border=\"0\" height=\"320\" src=\"http:\/\/www.dev.quandmaime.org\/wp-content\/uploads\/2012\/11\/Claudine.jpg\" width=\"214\" \/><\/a><\/div>\n<div style=\"clear: both; text-align: center;\">Elle est en 5e et aime chahuter<\/div>\n<p><\/p>\n<div style=\"clear: both; text-align: center;\"><a href=\"http:\/\/www.dev.quandmaime.org\/wp-content\/uploads\/2012\/11\/D-C3-A9sir-C3-A9-3-.jpg\" style=\"margin-left: 1em; margin-right: 1em;\"><img loading=\"lazy\" border=\"0\" height=\"320\" src=\"http:\/\/www.dev.quandmaime.org\/wp-content\/uploads\/2012\/11\/D-C3-A9sir-C3-A9-3-.jpg\" width=\"214\" \/><\/a><\/div>\n<div style=\"clear: both; text-align: center;\">D\u00e9sir\u00e9 est en 6e<\/div>\n<p><\/p>\n<div style=\"clear: both; text-align: center;\"><a href=\"http:\/\/www.dev.quandmaime.org\/wp-content\/uploads\/2012\/11\/D-C3-A9sir-C3-A9.jpg\" style=\"margin-left: 1em; margin-right: 1em;\"><img loading=\"lazy\" border=\"0\" height=\"320\" src=\"http:\/\/www.dev.quandmaime.org\/wp-content\/uploads\/2012\/11\/D-C3-A9sir-C3-A9.jpg\" width=\"214\" \/><\/a><\/div>\n<div style=\"clear: both; text-align: center;\">C&rsquo;est un&nbsp;gar\u00e7on tr\u00e8s sage et un brillant \u00e9l\u00e8ve<\/div>\n<p><\/p>\n<div style=\"clear: both; text-align: center;\"><a href=\"http:\/\/www.dev.quandmaime.org\/wp-content\/uploads\/2012\/11\/Eva.jpg\" style=\"margin-left: 1em; margin-right: 1em;\"><img loading=\"lazy\" border=\"0\" height=\"320\" src=\"http:\/\/www.dev.quandmaime.org\/wp-content\/uploads\/2012\/11\/Eva.jpg\" width=\"192\" \/><\/a><\/div>\n<div style=\"clear: both; text-align: center;\">Eva est tr\u00e8s difficile \u00e0 prendre en photo, elle est en 5e, c&rsquo;est une fille dynamique<\/div>\n<p><\/p>\n<div style=\"clear: both; text-align: center;\"><a href=\"http:\/\/www.dev.quandmaime.org\/wp-content\/uploads\/2012\/11\/Hasina-1.jpg\" style=\"margin-left: 1em; margin-right: 1em;\"><img loading=\"lazy\" border=\"0\" height=\"320\" src=\"http:\/\/www.dev.quandmaime.org\/wp-content\/uploads\/2012\/11\/Hasina-1.jpg\" width=\"214\" \/><\/a><\/div>\n<div style=\"clear: both; text-align: center;\">Hasina est en 5e aussi, c&rsquo;est une boule de vie<\/div>\n<p><\/p>\n<div style=\"clear: both; text-align: center;\"><a href=\"http:\/\/www.dev.quandmaime.org\/wp-content\/uploads\/2012\/11\/Kelly.jpg\" style=\"margin-left: 1em; margin-right: 1em;\"><img loading=\"lazy\" border=\"0\" height=\"320\" src=\"http:\/\/www.dev.quandmaime.org\/wp-content\/uploads\/2012\/11\/Kelly.jpg\" width=\"214\" \/><\/a><\/div>\n<div style=\"clear: both; text-align: center;\">Kelly travaille en zone franche, plut\u00f4t du genre fain\u00e9ant on a du mal \u00e0 le remuer !<\/div>\n<p><\/p>\n<div style=\"clear: both; text-align: center;\"><\/div>\n<div style=\"clear: both; text-align: center;\"><a href=\"http:\/\/www.dev.quandmaime.org\/wp-content\/uploads\/2012\/11\/LUC_5666.jpg\" style=\"margin-left: 1em; margin-right: 1em; text-align: center;\"><img loading=\"lazy\" border=\"0\" height=\"267\" src=\"http:\/\/www.dev.quandmaime.org\/wp-content\/uploads\/2012\/11\/LUC_5666.jpg\" width=\"400\" \/><\/a><\/div>\n<div style=\"clear: both; text-align: center;\">Une belle brochette : Petit Patrick, Petite Domoina, Samirah, Claudine, Hasina, Tina et Bled<\/div>\n<div style=\"clear: both; text-align: center;\"><a href=\"http:\/\/www.dev.quandmaime.org\/wp-content\/uploads\/2012\/11\/LUC_5829.jpg\" style=\"margin-left: 1em; margin-right: 1em;\"><img loading=\"lazy\" border=\"0\" height=\"267\" src=\"http:\/\/www.dev.quandmaime.org\/wp-content\/uploads\/2012\/11\/LUC_5829.jpg\" width=\"400\" \/><\/a><\/div>\n<div style=\"clear: both; text-align: center;\">Patrice et Kelly sur le banc, le fils de Tina assis sur le sol et Bolo<\/div>\n<p><\/p>\n<div style=\"clear: both; text-align: center;\"><a href=\"http:\/\/www.dev.quandmaime.org\/wp-content\/uploads\/2012\/11\/Marie-Angeline-2-.jpg\" style=\"margin-left: 1em; margin-right: 1em;\"><img loading=\"lazy\" border=\"0\" height=\"400\" src=\"http:\/\/www.dev.quandmaime.org\/wp-content\/uploads\/2012\/11\/Marie-Angeline-2-.jpg\" width=\"280\" \/><\/a><\/div>\n<div style=\"clear: both; text-align: center;\">Marie-Ang\u00e9line suit des \u00e9tudes dans une \u00e9cole de \u00ab\u00a0Coupes et Couture\u00a0\u00bb<\/div>\n<p><\/p>\n<div style=\"clear: both; text-align: center;\"><a href=\"http:\/\/www.dev.quandmaime.org\/wp-content\/uploads\/2012\/11\/Marie-Angeline.jpg\" style=\"margin-left: 1em; margin-right: 1em;\"><img loading=\"lazy\" border=\"0\" height=\"400\" src=\"http:\/\/www.dev.quandmaime.org\/wp-content\/uploads\/2012\/11\/Marie-Angeline.jpg\" width=\"298\" \/><\/a><\/div>\n<div style=\"clear: both; text-align: center;\">Elle nous pr\u00e9sente ses cr\u00e9ations en couture tr\u00e8s r\u00e9ussies<\/div>\n<p><\/p>\n<div style=\"clear: both; text-align: center;\"><\/div>\n<p><\/p>\n<div style=\"clear: both; text-align: center;\"><a href=\"http:\/\/www.dev.quandmaime.org\/wp-content\/uploads\/2012\/11\/Pascal.jpg\" style=\"margin-left: 1em; margin-right: 1em;\"><img loading=\"lazy\" border=\"0\" height=\"267\" src=\"http:\/\/www.dev.quandmaime.org\/wp-content\/uploads\/2012\/11\/Pascal.jpg\" width=\"400\" \/><\/a><\/div>\n<div style=\"clear: both; text-align: center;\">Pascal est en 1\u00e8re, il est en crise d&rsquo;adolescence en ce moment, il ne faut pas l&#8217;emb\u00eater !<\/div>\n<p><\/p>\n<div style=\"clear: both; text-align: center;\"><a href=\"http:\/\/www.dev.quandmaime.org\/wp-content\/uploads\/2012\/11\/PetitPatrick.jpg\" style=\"margin-left: 1em; margin-right: 1em;\"><img loading=\"lazy\" border=\"0\" height=\"320\" src=\"http:\/\/www.dev.quandmaime.org\/wp-content\/uploads\/2012\/11\/PetitPatrick.jpg\" width=\"214\" \/><\/a><\/div>\n<div style=\"clear: both; text-align: center;\">Petit Patrick \u00e0 la guitare, il entre en 2nde<\/div>\n<p><\/p>\n<div style=\"clear: both; text-align: center;\"><a href=\"http:\/\/www.dev.quandmaime.org\/wp-content\/uploads\/2012\/11\/PetiteDomoina.jpg\" style=\"margin-left: 1em; margin-right: 1em;\"><img loading=\"lazy\" border=\"0\" height=\"320\" src=\"http:\/\/www.dev.quandmaime.org\/wp-content\/uploads\/2012\/11\/PetiteDomoina.jpg\" width=\"214\" \/><\/a><\/div>\n<div style=\"clear: both; text-align: center;\">Petite Domoina, en pleine crise d&rsquo;adolescence aussi, ne fait plus rien dans sa classe de 3e !<\/div>\n<p><\/p>\n<div style=\"clear: both; text-align: center;\"><a href=\"http:\/\/www.dev.quandmaime.org\/wp-content\/uploads\/2012\/11\/Salomon.jpg\" style=\"margin-left: 1em; margin-right: 1em;\"><img loading=\"lazy\" border=\"0\" height=\"320\" src=\"http:\/\/www.dev.quandmaime.org\/wp-content\/uploads\/2012\/11\/Salomon.jpg\" width=\"239\" \/><\/a><\/div>\n<div style=\"clear: both; text-align: center;\">Salomon int\u00e8gre une \u00e9cole de m\u00e9canique<\/div>\n<p><\/p>\n<div style=\"clear: both; text-align: center;\"><a href=\"http:\/\/www.dev.quandmaime.org\/wp-content\/uploads\/2012\/11\/Samirah.jpg\" style=\"margin-left: 1em; margin-right: 1em;\"><img loading=\"lazy\" border=\"0\" height=\"267\" src=\"http:\/\/www.dev.quandmaime.org\/wp-content\/uploads\/2012\/11\/Samirah.jpg\" width=\"400\" \/><\/a><\/div>\n<div style=\"clear: both; text-align: center;\">Samirah ne trouve pas de travaille en Boulangerie o\u00f9 elle&nbsp;excelle pourtant car elle ne parle pas fran\u00e7ais, elle suit donc actuellement des cours intensifs de Fran\u00e7ais et vend&nbsp;parall\u00e8lement&nbsp;de la friperie&nbsp;<\/div>\n<div style=\"clear: both; text-align: center;\"><a href=\"http:\/\/www.dev.quandmaime.org\/wp-content\/uploads\/2012\/11\/Sylvia.jpg\" style=\"margin-left: 1em; margin-right: 1em;\"><img loading=\"lazy\" border=\"0\" height=\"267\" src=\"http:\/\/www.dev.quandmaime.org\/wp-content\/uploads\/2012\/11\/Sylvia.jpg\" width=\"400\" \/><\/a><\/div>\n<div style=\"clear: both; text-align: center;\">Sa soeur Sylvia s&rsquo;est beaucoup \u00e9panouie, elle entre dans une 6e adapt\u00e9e \u00e0 son handicap, quel joli sourire !<\/div>\n<p><\/p>\n<div style=\"clear: both; text-align: center;\"><a href=\"http:\/\/www.dev.quandmaime.org\/wp-content\/uploads\/2012\/11\/Tahina.jpg\" style=\"margin-left: 1em; margin-right: 1em;\"><img loading=\"lazy\" border=\"0\" height=\"267\" src=\"http:\/\/www.dev.quandmaime.org\/wp-content\/uploads\/2012\/11\/Tahina.jpg\" width=\"400\" \/><\/a><\/div>\n<div style=\"clear: both; text-align: center;\">Tahina est un gar\u00e7on s\u00e9rieux, un bosseur et un vrai petit prince&#8230;<\/div>\n<p><\/p>\n<div style=\"clear: both; text-align: center;\"><a href=\"http:\/\/www.dev.quandmaime.org\/wp-content\/uploads\/2012\/11\/Tina.jpg\" style=\"margin-left: 1em; margin-right: 1em;\"><img loading=\"lazy\" border=\"0\" height=\"400\" src=\"http:\/\/www.dev.quandmaime.org\/wp-content\/uploads\/2012\/11\/Tina.jpg\" width=\"267\" \/><\/a><\/div>\n<div style=\"clear: both; text-align: center;\">Tina est une jeune fille tr\u00e8s enjou\u00e9e, c&rsquo;est certainement celle qui parle le mieux fran\u00e7ais<\/div>\n<p><\/p>\n<div style=\"clear: both; text-align: center;\"><\/div>\n<div style=\"clear: both; text-align: center;\"><\/div>\n<p><b>&nbsp;La joie de revoir des&nbsp;anciennes&#8230;<\/b><\/p>\n<div style=\"clear: both; text-align: center;\"><a href=\"http:\/\/www.dev.quandmaime.org\/wp-content\/uploads\/2012\/11\/Sarobidi.jpg\" style=\"margin-left: 1em; margin-right: 1em;\"><img loading=\"lazy\" border=\"0\" height=\"320\" src=\"http:\/\/www.dev.quandmaime.org\/wp-content\/uploads\/2012\/11\/Sarobidi.jpg\" width=\"239\" \/><\/a><\/div>\n<div style=\"clear: both; text-align: center;\">Sarobidy attend un petit b\u00e9b\u00e9, elle est tr\u00e8s heureuse<\/div>\n<div style=\"clear: both; text-align: center;\"><\/div>\n<div style=\"clear: both; text-align: center;\"><a href=\"http:\/\/www.dev.quandmaime.org\/wp-content\/uploads\/2012\/11\/Lanto.jpg\" style=\"margin-left: 1em; margin-right: 1em;\"><img loading=\"lazy\" border=\"0\" height=\"320\" src=\"http:\/\/www.dev.quandmaime.org\/wp-content\/uploads\/2012\/11\/Lanto.jpg\" width=\"239\" \/><\/a><\/div>\n<div style=\"clear: both; text-align: center;\">Lanto travaille comme gouvernante dans une famille d&rsquo;expatri\u00e9s<\/div>\n<div style=\"clear: both; text-align: center;\">(nous l&rsquo;avons aid\u00e9 \u00e0 rembourser ses dettes envers cette famille&nbsp;<\/div>\n<div style=\"clear: both; text-align: center;\">car elle avait eu un long arr\u00eat maladie mais elle va bien maintenant)<\/div>\n<div style=\"clear: both; text-align: center;\"><\/div>\n<div style=\"clear: both; text-align: center;\"><\/div>\n<div style=\"clear: both; text-align: center;\">Grande Domoina s&rsquo;est mari\u00e9e le 17 ao\u00fbt dernier, nous lui souhaitons beaucoup de bonheur&#8230;<\/div>\n<div style=\"clear: both; text-align: center;\"><\/div>\n<p><\/p>\n","protected":false},"excerpt":{"rendered":"<p>Quelques portraits d&rsquo;enfants de Fahitana&#8230; Aim\u00e9 adore les sucettes, il est en CM2, c&rsquo;est un gourmand qui aime chahuter les filles ! Batoto travaille dans une entreprise chinoise en zone franche&#8230; notre grand dadet ne veut pas quitter le foyer Bled, notre petite charmeuse, est en 6e, comme le temps passe vite ! Bolo travaille <\/p>\n","protected":false},"author":1,"featured_media":385,"comment_status":"open","ping_status":"open","sticky":false,"template":"","format":"standard","meta":{"amp_status":""},"categories":[80],"tags":[],"_links":{"self":[{"href":"https:\/\/www.dev.quandmaime.org\/index.php\/wp-json\/wp\/v2\/posts\/21"}],"collection":[{"href":"https:\/\/www.dev.quandmaime.org\/index.php\/wp-json\/wp\/v2\/posts"}],"about":[{"href":"https:\/\/www.dev.quandmaime.org\/index.php\/wp-json\/wp\/v2\/types\/post"}],"author":[{"embeddable":true,"href":"https:\/\/www.dev.quandmaime.org\/index.php\/wp-json\/wp\/v2\/users\/1"}],"replies":[{"embeddable":true,"href":"https:\/\/www.dev.quandmaime.org\/index.php\/wp-json\/wp\/v2\/comments?post=21"}],"version-history":[{"count":2,"href":"https:\/\/www.dev.quandmaime.org\/index.php\/wp-json\/wp\/v2\/posts\/21\/revisions"}],"predecessor-version":[{"id":478,"href":"https:\/\/www.dev.quandmaime.org\/index.php\/wp-json\/wp\/v2\/posts\/21\/revisions\/478"}],"wp:featuredmedia":[{"embeddable":true,"href":"https:\/\/www.dev.quandmaime.org\/index.php\/wp-json\/wp\/v2\/media\/385"}],"wp:attachment":[{"href":"https:\/\/www.dev.quandmaime.org\/index.php\/wp-json\/wp\/v2\/media?parent=21"}],"wp:term":[{"taxonomy":"category","embeddable":true,"href":"https:\/\/www.dev.quandmaime.org\/index.php\/wp-json\/wp\/v2\/categories?post=21"},{"taxonomy":"post_tag","embeddable":true,"href":"https:\/\/www.dev.quandmaime.org\/index.php\/wp-json\/wp\/v2\/tags?post=21"}],"curies":[{"name":"wp","href":"https:\/\/api.w.org\/{rel}","templated":true}]}}