{"id":20,"date":"2012-11-07T20:04:00","date_gmt":"2012-11-07T19:04:00","guid":{"rendered":"http:\/\/www.dev.quandmaime.org\/index.php\/2012\/11\/07\/merci\/"},"modified":"2019-01-01T23:45:13","modified_gmt":"2019-01-01T22:45:13","slug":"merci","status":"publish","type":"post","link":"https:\/\/www.dev.quandmaime.org\/index.php\/2012\/11\/07\/merci\/","title":{"rendered":"MERCI"},"content":{"rendered":"<p><\/p>\n<div style=\"margin-bottom: .0001pt; margin: 0cm;\"><span style=\"font-family: Verdana, sans-serif; font-size: 13.5pt;\">Je tenais \u00e0 vous REMERCIER pour votre mobilisation incroyable pour aider toujours plus l&rsquo;association&#8230;&nbsp;<\/span><span style=\"font-size: 13.5pt;\"><o:p><\/o:p><\/span><\/div>\n<div style=\"margin: 0cm 0cm 0.0001pt;\"><span style=\"font-family: Verdana, sans-serif; font-size: 13.5pt;\">Il y a eu les deux journ\u00e9es de ventes de Friperie&nbsp;(accessoires, chaussures, habits\u2026)&nbsp;organis\u00e9es&nbsp;Au Bon Coin \u00ab&nbsp;Association Chr\u00e9tiens Ensemble&nbsp;\u00bb les&nbsp;Samedi et Dimanche 15 et 16 septembre de&nbsp;8 \u00e0 19 heures. Je remercie toutes les personnes qui ont consacr\u00e9 \u00e9norm\u00e9ment de temps : aux pr\u00e9paratifs, \u00e0 la bonne r\u00e9alisation, puis au rangement de la salle pour cet \u00e9v\u00e8nement qui a permis de r\u00e9colter des fonds indispensables pour le&nbsp;fonctionnement&nbsp;de nos foyers d&rsquo;accueil et la vie de nos petits.<\/span><span style=\"font-size: 13.5pt;\"><o:p><\/o:p><\/span><\/div>\n<div style=\"margin: 0cm 0cm 0.0001pt;\"><span style=\"font-family: Verdana, sans-serif; font-size: 13.5pt;\">Je remercie aussi \u00e9norm\u00e9ment celles qui cuisinent et vendent des p\u00e2tisseries d\u00e9licieuses au profit de notre association.<\/span><span style=\"font-size: 13.5pt;\"><o:p><\/o:p><\/span><\/div>\n<div style=\"margin: 0cm 0cm 0.0001pt;\"><span style=\"font-family: Verdana, sans-serif; font-size: 13.5pt;\">Nous avons re\u00e7u aussi un ordinateur portable qui permettra de connecter un autre de nos sites \u00e0 internet.<\/span><\/div>\n<div style=\"margin: 0cm 0cm 0.0001pt;\"><span style=\"font-family: Verdana, sans-serif; font-size: 13.5pt;\">Merci pour tant de richesses de c\u0153ur et de dons de soi\u2026 <o:p><\/o:p><\/span><\/div>\n<div style=\"margin-bottom: .0001pt; margin: 0cm;\"><span style=\"font-family: Verdana, sans-serif; font-size: 13.5pt;\">&nbsp;<\/span><span style=\"font-size: 13.5pt;\">&nbsp;<\/span><\/div>\n<div style=\"margin-bottom: .0001pt; margin: 0cm;\"><span style=\"font-family: Verdana, sans-serif; font-size: 13.5pt;\">Vous dire aussi qu\u2019<b>Un March\u00e9 de No\u00ebl et Brocante<\/b> est organis\u00e9 par ce groupe de soutien aux Missions les 17 et 18 Novembre 2012 \u00e0 l\u2019Eglise Baptiste Rue Charlemagne \u00e0 Soissons. Merci \u00e0 toutes les personnes qui s\u2019activent pour pr\u00e9parer ces nouvelles journ\u00e9es \u00e9v\u00e8nementielles au profit de Fahitana\u2026<o:p><\/o:p><\/span><\/div>\n<div style=\"margin: 0cm 0cm 0.0001pt; text-align: center;\"><span style=\"font-family: Verdana, sans-serif;\"><span style=\"font-size: large;\"><b>MISAOTRA BETSAKA<\/b><\/span><span style=\"font-size: medium;\"><o:p><\/o:p><\/span><\/span><\/div>\n","protected":false},"excerpt":{"rendered":"<p>Je tenais \u00e0 vous REMERCIER pour votre mobilisation incroyable pour aider toujours plus l&rsquo;association&#8230;&nbsp; Il y a eu les deux journ\u00e9es de ventes de Friperie&nbsp;(accessoires, chaussures, habits\u2026)&nbsp;organis\u00e9es&nbsp;Au Bon Coin \u00ab&nbsp;Association Chr\u00e9tiens Ensemble&nbsp;\u00bb les&nbsp;Samedi et Dimanche 15 et 16 septembre de&nbsp;8 \u00e0 19 heures. Je remercie toutes les personnes qui ont consacr\u00e9 \u00e9norm\u00e9ment de temps : <\/p>\n","protected":false},"author":1,"featured_media":0,"comment_status":"open","ping_status":"open","sticky":false,"template":"","format":"standard","meta":{"amp_status":""},"categories":[80],"tags":[],"_links":{"self":[{"href":"https:\/\/www.dev.quandmaime.org\/index.php\/wp-json\/wp\/v2\/posts\/20"}],"collection":[{"href":"https:\/\/www.dev.quandmaime.org\/index.php\/wp-json\/wp\/v2\/posts"}],"about":[{"href":"https:\/\/www.dev.quandmaime.org\/index.php\/wp-json\/wp\/v2\/types\/post"}],"author":[{"embeddable":true,"href":"https:\/\/www.dev.quandmaime.org\/index.php\/wp-json\/wp\/v2\/users\/1"}],"replies":[{"embeddable":true,"href":"https:\/\/www.dev.quandmaime.org\/index.php\/wp-json\/wp\/v2\/comments?post=20"}],"version-history":[{"count":1,"href":"https:\/\/www.dev.quandmaime.org\/index.php\/wp-json\/wp\/v2\/posts\/20\/revisions"}],"predecessor-version":[{"id":384,"href":"https:\/\/www.dev.quandmaime.org\/index.php\/wp-json\/wp\/v2\/posts\/20\/revisions\/384"}],"wp:attachment":[{"href":"https:\/\/www.dev.quandmaime.org\/index.php\/wp-json\/wp\/v2\/media?parent=20"}],"wp:term":[{"taxonomy":"category","embeddable":true,"href":"https:\/\/www.dev.quandmaime.org\/index.php\/wp-json\/wp\/v2\/categories?post=20"},{"taxonomy":"post_tag","embeddable":true,"href":"https:\/\/www.dev.quandmaime.org\/index.php\/wp-json\/wp\/v2\/tags?post=20"}],"curies":[{"name":"wp","href":"https:\/\/api.w.org\/{rel}","templated":true}]}}